{"id":1226,"date":"2012-08-14T14:09:23","date_gmt":"2012-08-14T18:09:23","guid":{"rendered":"https:\/\/ciblerecherche.serveur-idhea.ca\/elections-2012-poll-in-nicolet-becancour\/"},"modified":"2024-01-16T10:34:00","modified_gmt":"2024-01-16T15:34:00","slug":"elections-2012-poll-in-nicolet-becancour","status":"publish","type":"post","link":"https:\/\/ciblerecherche.com\/en\/elections-2012-poll-in-nicolet-becancour\/","title":{"rendered":"Elections 2012 \u2013 Poll in Nicolet &#8211; B\u00e9cancour"},"content":{"rendered":"\n<p>On Monday, TVA-Qu\u00e9b\u00e9cor M\u00e9dia Mauricie will release the results of a Vox Opinion poll in Nicolet-B\u00e9cancour. Is Jean-Martin Aussant leading in his riding?<\/p>\n","protected":false},"excerpt":{"rendered":"<p>On Monday, TVA-Qu\u00e9b\u00e9cor M\u00e9dia Mauricie will release the results of a Vox Opinion poll in Nicolet-B\u00e9cancour. Is Jean-Martin Aussant leading in his riding?<\/p>\n","protected":false},"author":3,"featured_media":0,"comment_status":"open","ping_status":"open","sticky":false,"template":"","format":"standard","meta":{"footnotes":""},"categories":[1],"tags":[],"class_list":["post-1226","post","type-post","status-publish","format-standard","hentry","category-non-classifiee"],"yoast_head":"<!-- This site is optimized with the Yoast SEO plugin v22.1 - https:\/\/yoast.com\/wordpress\/plugins\/seo\/ -->\n<title>Elections 2012 \u2013 Poll in Nicolet - B\u00e9cancour - Cible Recherche<\/title>\n<meta name=\"robots\" content=\"index, follow, max-snippet:-1, max-image-preview:large, max-video-preview:-1\" \/>\n<link rel=\"canonical\" href=\"https:\/\/ciblerecherche.com\/elections-2012-sondage-dans-nicolet-becancour\/\" \/>\n<meta property=\"og:locale\" content=\"en_US\" \/>\n<meta property=\"og:type\" content=\"article\" \/>\n<meta property=\"og:title\" content=\"Elections 2012 \u2013 Poll in Nicolet - B\u00e9cancour - Cible Recherche\" \/>\n<meta property=\"og:description\" content=\"On Monday, TVA-Qu\u00e9b\u00e9cor M\u00e9dia Mauricie will release the results of a Vox Opinion poll in Nicolet-B\u00e9cancour. Is Jean-Martin Aussant leading in his riding?\" \/>\n<meta property=\"og:url\" content=\"https:\/\/ciblerecherche.com\/elections-2012-sondage-dans-nicolet-becancour\/\" \/>\n<meta property=\"og:site_name\" content=\"Cible Recherche\" \/>\n<meta property=\"article:published_time\" content=\"2012-08-14T18:09:23+00:00\" \/>\n<meta property=\"article:modified_time\" content=\"2024-01-16T15:34:00+00:00\" \/>\n<meta name=\"author\" content=\"Idhea\" \/>\n<meta name=\"twitter:card\" content=\"summary_large_image\" \/>\n<meta name=\"twitter:label1\" content=\"Written by\" \/>\n\t<meta name=\"twitter:data1\" content=\"Idhea\" \/>\n<script type=\"application\/ld+json\" class=\"yoast-schema-graph\">{\"@context\":\"https:\/\/schema.org\",\"@graph\":[{\"@type\":\"WebPage\",\"@id\":\"https:\/\/ciblerecherche.com\/elections-2012-sondage-dans-nicolet-becancour\/\",\"url\":\"https:\/\/ciblerecherche.com\/elections-2012-sondage-dans-nicolet-becancour\/\",\"name\":\"Elections 2012 \u2013 Poll in Nicolet - B\u00e9cancour - Cible Recherche\",\"isPartOf\":{\"@id\":\"https:\/\/ciblerecherche.com\/#website\"},\"datePublished\":\"2012-08-14T18:09:23+00:00\",\"dateModified\":\"2024-01-16T15:34:00+00:00\",\"author\":{\"@id\":\"https:\/\/ciblerecherche.com\/#\/schema\/person\/7da6baf2e97759f52c48242b00d1837e\"},\"breadcrumb\":{\"@id\":\"https:\/\/ciblerecherche.com\/elections-2012-sondage-dans-nicolet-becancour\/#breadcrumb\"},\"inLanguage\":\"en-US\",\"potentialAction\":[{\"@type\":\"ReadAction\",\"target\":[\"https:\/\/ciblerecherche.com\/elections-2012-sondage-dans-nicolet-becancour\/\"]}]},{\"@type\":\"BreadcrumbList\",\"@id\":\"https:\/\/ciblerecherche.com\/elections-2012-sondage-dans-nicolet-becancour\/#breadcrumb\",\"itemListElement\":[{\"@type\":\"ListItem\",\"position\":1,\"name\":\"Accueil\",\"item\":\"https:\/\/ciblerecherche.com\/\"},{\"@type\":\"ListItem\",\"position\":2,\"name\":\"Elections 2012 \u2013 Poll in Nicolet &#8211; B\u00e9cancour\"}]},{\"@type\":\"WebSite\",\"@id\":\"https:\/\/ciblerecherche.com\/#website\",\"url\":\"https:\/\/ciblerecherche.com\/\",\"name\":\"Cible Recherche\",\"description\":\"\",\"potentialAction\":[{\"@type\":\"SearchAction\",\"target\":{\"@type\":\"EntryPoint\",\"urlTemplate\":\"https:\/\/ciblerecherche.com\/?s={search_term_string}\"},\"query-input\":\"required name=search_term_string\"}],\"inLanguage\":\"en-US\"},{\"@type\":\"Person\",\"@id\":\"https:\/\/ciblerecherche.com\/#\/schema\/person\/7da6baf2e97759f52c48242b00d1837e\",\"name\":\"Idhea\",\"image\":{\"@type\":\"ImageObject\",\"inLanguage\":\"en-US\",\"@id\":\"https:\/\/ciblerecherche.com\/#\/schema\/person\/image\/\",\"url\":\"https:\/\/secure.gravatar.com\/avatar\/0edcf6c6675ba85042f19b1bf761b05ae6560e96abe7957c7d712ca0fcb8af40?s=96&d=mm&r=g\",\"contentUrl\":\"https:\/\/secure.gravatar.com\/avatar\/0edcf6c6675ba85042f19b1bf761b05ae6560e96abe7957c7d712ca0fcb8af40?s=96&d=mm&r=g\",\"caption\":\"Idhea\"},\"url\":\"https:\/\/ciblerecherche.com\/en\/author\/webmestre-idhea\/\"}]}<\/script>\n<!-- \/ Yoast SEO plugin. -->","yoast_head_json":{"title":"Elections 2012 \u2013 Poll in Nicolet - B\u00e9cancour - Cible Recherche","robots":{"index":"index","follow":"follow","max-snippet":"max-snippet:-1","max-image-preview":"max-image-preview:large","max-video-preview":"max-video-preview:-1"},"canonical":"https:\/\/ciblerecherche.com\/elections-2012-sondage-dans-nicolet-becancour\/","og_locale":"en_US","og_type":"article","og_title":"Elections 2012 \u2013 Poll in Nicolet - B\u00e9cancour - Cible Recherche","og_description":"On Monday, TVA-Qu\u00e9b\u00e9cor M\u00e9dia Mauricie will release the results of a Vox Opinion poll in Nicolet-B\u00e9cancour. Is Jean-Martin Aussant leading in his riding?","og_url":"https:\/\/ciblerecherche.com\/elections-2012-sondage-dans-nicolet-becancour\/","og_site_name":"Cible Recherche","article_published_time":"2012-08-14T18:09:23+00:00","article_modified_time":"2024-01-16T15:34:00+00:00","author":"Idhea","twitter_card":"summary_large_image","twitter_misc":{"Written by":"Idhea"},"schema":{"@context":"https:\/\/schema.org","@graph":[{"@type":"WebPage","@id":"https:\/\/ciblerecherche.com\/elections-2012-sondage-dans-nicolet-becancour\/","url":"https:\/\/ciblerecherche.com\/elections-2012-sondage-dans-nicolet-becancour\/","name":"Elections 2012 \u2013 Poll in Nicolet - B\u00e9cancour - Cible Recherche","isPartOf":{"@id":"https:\/\/ciblerecherche.com\/#website"},"datePublished":"2012-08-14T18:09:23+00:00","dateModified":"2024-01-16T15:34:00+00:00","author":{"@id":"https:\/\/ciblerecherche.com\/#\/schema\/person\/7da6baf2e97759f52c48242b00d1837e"},"breadcrumb":{"@id":"https:\/\/ciblerecherche.com\/elections-2012-sondage-dans-nicolet-becancour\/#breadcrumb"},"inLanguage":"en-US","potentialAction":[{"@type":"ReadAction","target":["https:\/\/ciblerecherche.com\/elections-2012-sondage-dans-nicolet-becancour\/"]}]},{"@type":"BreadcrumbList","@id":"https:\/\/ciblerecherche.com\/elections-2012-sondage-dans-nicolet-becancour\/#breadcrumb","itemListElement":[{"@type":"ListItem","position":1,"name":"Accueil","item":"https:\/\/ciblerecherche.com\/"},{"@type":"ListItem","position":2,"name":"Elections 2012 \u2013 Poll in Nicolet &#8211; B\u00e9cancour"}]},{"@type":"WebSite","@id":"https:\/\/ciblerecherche.com\/#website","url":"https:\/\/ciblerecherche.com\/","name":"Cible Recherche","description":"","potentialAction":[{"@type":"SearchAction","target":{"@type":"EntryPoint","urlTemplate":"https:\/\/ciblerecherche.com\/?s={search_term_string}"},"query-input":"required name=search_term_string"}],"inLanguage":"en-US"},{"@type":"Person","@id":"https:\/\/ciblerecherche.com\/#\/schema\/person\/7da6baf2e97759f52c48242b00d1837e","name":"Idhea","image":{"@type":"ImageObject","inLanguage":"en-US","@id":"https:\/\/ciblerecherche.com\/#\/schema\/person\/image\/","url":"https:\/\/secure.gravatar.com\/avatar\/0edcf6c6675ba85042f19b1bf761b05ae6560e96abe7957c7d712ca0fcb8af40?s=96&d=mm&r=g","contentUrl":"https:\/\/secure.gravatar.com\/avatar\/0edcf6c6675ba85042f19b1bf761b05ae6560e96abe7957c7d712ca0fcb8af40?s=96&d=mm&r=g","caption":"Idhea"},"url":"https:\/\/ciblerecherche.com\/en\/author\/webmestre-idhea\/"}]}},"_links":{"self":[{"href":"https:\/\/ciblerecherche.com\/en\/wp-json\/wp\/v2\/posts\/1226","targetHints":{"allow":["GET"]}}],"collection":[{"href":"https:\/\/ciblerecherche.com\/en\/wp-json\/wp\/v2\/posts"}],"about":[{"href":"https:\/\/ciblerecherche.com\/en\/wp-json\/wp\/v2\/types\/post"}],"author":[{"embeddable":true,"href":"https:\/\/ciblerecherche.com\/en\/wp-json\/wp\/v2\/users\/3"}],"replies":[{"embeddable":true,"href":"https:\/\/ciblerecherche.com\/en\/wp-json\/wp\/v2\/comments?post=1226"}],"version-history":[{"count":1,"href":"https:\/\/ciblerecherche.com\/en\/wp-json\/wp\/v2\/posts\/1226\/revisions"}],"predecessor-version":[{"id":1227,"href":"https:\/\/ciblerecherche.com\/en\/wp-json\/wp\/v2\/posts\/1226\/revisions\/1227"}],"wp:attachment":[{"href":"https:\/\/ciblerecherche.com\/en\/wp-json\/wp\/v2\/media?parent=1226"}],"wp:term":[{"taxonomy":"category","embeddable":true,"href":"https:\/\/ciblerecherche.com\/en\/wp-json\/wp\/v2\/categories?post=1226"},{"taxonomy":"post_tag","embeddable":true,"href":"https:\/\/ciblerecherche.com\/en\/wp-json\/wp\/v2\/tags?post=1226"}],"curies":[{"name":"wp","href":"https:\/\/api.w.org\/{rel}","templated":true}]}}